{"id":3877,"date":"2022-10-18T16:12:16","date_gmt":"2022-10-18T14:12:16","guid":{"rendered":"https:\/\/medical-language-service.com\/quand-la-conscience-ecologique-et-la-protection-de-lenvironnement-sinvitent-egalement-au-bureau\/"},"modified":"2022-10-18T16:13:28","modified_gmt":"2022-10-18T14:13:28","slug":"quand-la-conscience-ecologique-et-la-protection-de-lenvironnement-sinvitent-egalement-au-bureau","status":"publish","type":"post","link":"https:\/\/medical-language-service.com\/fr\/quand-la-conscience-ecologique-et-la-protection-de-lenvironnement-sinvitent-egalement-au-bureau\/","title":{"rendered":"Quand la conscience \u00e9cologique et la protection de l\u2019environnement s\u2019invitent \u00e9galement au bureau"},"content":{"rendered":"<p>[et_pb_section fb_built=\u00a0\u00bb1&Prime; _builder_version=\u00a0\u00bb4.0.7&Prime; background_color=\u00a0\u00bb#f6f6f6&Prime; custom_margin=\u00a0\u00bb0px||0px||false|false\u00a0\u00bb custom_padding=\u00a0\u00bb0px||0px||false|false\u00a0\u00bb collapsed=\u00a0\u00bboff\u00a0\u00bb][et_pb_row custom_padding_last_edited=\u00a0\u00bbon|phone\u00a0\u00bb _builder_version=\u00a0\u00bb4.0.7&Prime; background_color=\u00a0\u00bb#ffffff\u00a0\u00bb width=\u00a0\u00bb100%\u00a0\u00bb custom_margin=\u00a0\u00bb0px||0px||false|false\u00a0\u00bb custom_padding_tablet=\u00a0\u00bb\u00a0\u00bb custom_padding_phone=\u00a0\u00bb||||false|false\u00a0\u00bb][et_pb_column type=\u00a0\u00bb4_4&Prime; _builder_version=\u00a0\u00bb4.0.7&Prime;][et_pb_text admin_label=\u00a0\u00bbUmweltbewusstsein und Klimaschutz gehen auch im B\u00fcrobetrieb\u00a0\u00bb _builder_version=\u00a0\u00bb4.2.2&Prime; text_font_size=\u00a0\u00bb16px\u00a0\u00bb header_line_height=\u00a0\u00bb1.4em\u00a0\u00bb custom_margin=\u00a0\u00bb0px||0px||false|false\u00a0\u00bb custom_padding=\u00a0\u00bb0px|45px|0px|45px|false|true\u00a0\u00bb custom_padding_tablet=\u00a0\u00bb|20px||20px|false|true\u00a0\u00bb custom_padding_phone=\u00a0\u00bb|10px||10px|false|true\u00a0\u00bb custom_padding_last_edited=\u00a0\u00bbon|desktop\u00a0\u00bb header_font_size_tablet=\u00a0\u00bb30px\u00a0\u00bb header_font_size_phone=\u00a0\u00bb20px\u00a0\u00bb header_font_size_last_edited=\u00a0\u00bbon|phone\u00a0\u00bb header_line_height_tablet=\u00a0\u00bb\u00a0\u00bb header_line_height_phone=\u00a0\u00bb\u00a0\u00bb header_line_height_last_edited=\u00a0\u00bbon|phone\u00a0\u00bb]L\u2019immeuble de bureaux \u00ab <a href=\"https:\/\/medical-language-service.com\/fr\/construction-de-notre-nouvel-immeuble-commercial-elzufer\/\"><strong>ELZUFER<\/strong><\/a> \u00bb a \u00e9t\u00e9 achev\u00e9 en 2021 et correspond aux normes environnementales de construction, mais aussi de protection de l\u2019environnement dans l\u2019entreprise. Les murs ext\u00e9rieurs sont ma\u00e7onn\u00e9s en briques pleines, celles-ci pr\u00e9sentant des caract\u00e9ristiques sup\u00e9rieures en mati\u00e8re d\u2019isolation phonique et d\u2019efficience \u00e9nerg\u00e9tique. La charpente et l\u2019isolation du toit ont \u00e9galement \u00e9t\u00e9 r\u00e9alis\u00e9es en mat\u00e9riaux naturels (bois massif et isolant en fibre de bois).<\/p>\n<p>Depuis un peu plus d\u2019un an, nous avons investi ces nouveaux locaux, situ\u00e9s \u00e0 Teningen m\u00eame, avec une vue sur la rivi\u00e8re Elz.<\/p>\n<p>La quasi-totalit\u00e9 de <a href=\"https:\/\/medical-language-service.com\/fr\/notre-entreprise\/notre-equipe\/\"><strong>l\u2019\u00e9quipe<\/strong><\/a> se rend au travail \u00e0 v\u00e9lo, la voiture n\u2019est ainsi plus le moyen de transport num\u00e9ro un. Les gares de K\u00f6ndringen et Mundigen sont \u00e9galement situ\u00e9es non loin, et le quartier est aussi desservi par plusieurs lignes de bus.<\/p>\n<p>Sur le toit orient\u00e9 sud de notre nouvel immeuble de bureaux, un syst\u00e8me photovolta\u00efque d\u2019une puissance de 30 kWc a \u00e9t\u00e9 install\u00e9. Le courant produit est consomm\u00e9 en priorit\u00e9 sur place, l\u2019exc\u00e9dent \u00e9tant r\u00e9inject\u00e9 dans le r\u00e9seau \u00e9lectrique. Cet \u00e9t\u00e9, nous avons grandement appr\u00e9ci\u00e9 la fra\u00eecheur apport\u00e9e dans les bureaux par la climatisation solaire, qui nous a permis de garder la t\u00eate froide m\u00eame en pleine canicule.<\/p>\n<p>Ces derniers temps, les tarifs du gaz et du fioul sont des sujets au c\u0153ur de l\u2019actualit\u00e9 : combien tout cela va-t-il co\u00fbter ? Serons-nous \u00e0 court de chauffage cet hiver si le gaz vient \u00e0 manquer ? Chez <a href=\"https:\/\/medical-language-service.com\/fr\/\"><strong>medical language service<\/strong><\/a> cependant, nous attendons l\u2019hiver avec s\u00e9r\u00e9nit\u00e9, car nous ne chauffons pas au gaz. Le chauffage au sol basse temp\u00e9rature qui \u00e9quipe le b\u00e2timent fonctionne au bois. Ce bois provient de la for\u00eat de la commune et de la r\u00e9gion. Alors que souvent, la fourniture d\u2019eau chaude en \u00e9t\u00e9 d\u00e9pend \u00e9galement d\u2019une chaudi\u00e8re \u00e0 gaz, notre eau est chauff\u00e9e par panneau solaire thermique.<\/p>\n<p>Sous le parking, des citernes de grand volume ont \u00e9t\u00e9 enterr\u00e9es. Les eaux de pluie collect\u00e9es sont r\u00e9utilis\u00e9es pour l\u2019arrosage des espaces verts, mais aussi et surtout pour l\u2019alimentation de la chasse d\u2019eau. L\u2019eau potable, qui fait ici partie de notre quotidien, est un bien pr\u00e9cieux. Dans de nombreux pays du monde, elle est si rare qu\u2019elle devient une question de vie ou de mort. \u00c0 notre \u00e9chelle, nous souhaitons lutter contre le gaspillage et refusons d\u2019utiliser une ressource aussi pr\u00e9cieuse que l\u2019eau potable dans les toilettes.<\/p>\n<p>Dans sa conception, le b\u00e2timent va au-del\u00e0 des objectifs actuels en mati\u00e8re de pr\u00e9servation des ressources et de protection de l\u2019environnement, sans pour autant que cela repr\u00e9sente des contraintes.<\/p>\n<p>R\u00e9dig\u00e9 par Dr. <a href=\"https:\/\/medical-language-service.com\/fr\/notre-entreprise\/notre-equipe\/\"><strong>Peter Schalk<\/strong><\/a><br \/>\nGestion des contrats \u2013 medical language service[\/et_pb_text][\/et_pb_column][\/et_pb_row][\/et_pb_section]<\/p>\n","protected":false},"excerpt":{"rendered":"<p>L\u2019immeuble de bureaux \u00ab ELZUFER \u00bb a \u00e9t\u00e9 achev\u00e9 en 2021 et correspond aux normes environnementales de construction, mais aussi de protection de l\u2019environnement dans l\u2019entreprise. Les murs ext\u00e9rieurs sont ma\u00e7onn\u00e9s en briques pleines, celles-ci pr\u00e9sentant des caract\u00e9ristiques sup\u00e9rieures en mati\u00e8re d\u2019isolation phonique et d\u2019efficience \u00e9nerg\u00e9tique. La charpente et l\u2019isolation du toit ont \u00e9galement \u00e9t\u00e9 [&hellip;]<\/p>\n","protected":false},"author":2,"featured_media":3862,"comment_status":"open","ping_status":"open","sticky":false,"template":"","format":"standard","meta":{"_et_pb_use_builder":"on","_et_pb_old_content":"","_et_gb_content_width":"","footnotes":""},"categories":[1],"tags":[304,301,303,178,305,300,179,180,302,299],"class_list":["post-3877","post","type-post","status-publish","format-standard","has-post-thumbnail","hentry","category-unkategorisiert","tag-buero","tag-buerobetrieb","tag-das-effiziente-gebaeude","tag-elzufer","tag-geschaeftshaus","tag-klimaschutz","tag-medical-language-service","tag-teningen","tag-uebersetzungsbuero","tag-umweltbewusstsein"],"yoast_head":"<!-- This site is optimized with the Yoast SEO plugin v28.1 - https:\/\/yoast.com\/product\/yoast-seo-wordpress\/ -->\n<title>Quand la conscience \u00e9cologique et la protection de l\u2019environnement s\u2019invitent \u00e9galement au bureau - medical language service GmbH<\/title>\n<meta name=\"description\" content=\"L\u2019immeuble de bureaux \u00ab ELZUFER \u00bb a \u00e9t\u00e9 achev\u00e9 en 2021 et correspond aux normes environnementales de construction, mais aussi de protection de l\u2019environnement dans l\u2019entreprise. Les murs ext\u00e9rieurs sont ma\u00e7onn\u00e9s en briques pleines, celles-ci pr\u00e9sentant des caract\u00e9ristiques sup\u00e9rieures en mati\u00e8re d\u2019isolation phonique et d\u2019efficience \u00e9nerg\u00e9tique. La charpente et l\u2019isolation du toit ont \u00e9galement \u00e9t\u00e9 r\u00e9alis\u00e9es en mat\u00e9riaux naturels (bois massif et isolant en fibre de bois).\" \/>\n<meta name=\"robots\" content=\"index, follow, max-snippet:-1, max-image-preview:large, max-video-preview:-1\" \/>\n<link rel=\"canonical\" href=\"https:\/\/medical-language-service.com\/fr\/quand-la-conscience-ecologique-et-la-protection-de-lenvironnement-sinvitent-egalement-au-bureau\/\" \/>\n<meta property=\"og:locale\" content=\"fr_FR\" \/>\n<meta property=\"og:type\" content=\"article\" \/>\n<meta property=\"og:title\" content=\"Quand la conscience \u00e9cologique et la protection de l\u2019environnement s\u2019invitent \u00e9galement au bureau - medical language service GmbH\" \/>\n<meta property=\"og:description\" content=\"L\u2019immeuble de bureaux \u00ab ELZUFER \u00bb a \u00e9t\u00e9 achev\u00e9 en 2021 et correspond aux normes environnementales de construction, mais aussi de protection de l\u2019environnement dans l\u2019entreprise. Les murs ext\u00e9rieurs sont ma\u00e7onn\u00e9s en briques pleines, celles-ci pr\u00e9sentant des caract\u00e9ristiques sup\u00e9rieures en mati\u00e8re d\u2019isolation phonique et d\u2019efficience \u00e9nerg\u00e9tique. La charpente et l\u2019isolation du toit ont \u00e9galement \u00e9t\u00e9 r\u00e9alis\u00e9es en mat\u00e9riaux naturels (bois massif et isolant en fibre de bois).\" \/>\n<meta property=\"og:url\" content=\"https:\/\/medical-language-service.com\/fr\/quand-la-conscience-ecologique-et-la-protection-de-lenvironnement-sinvitent-egalement-au-bureau\/\" \/>\n<meta property=\"og:site_name\" content=\"medical language service GmbH\" \/>\n<meta property=\"article:published_time\" content=\"2022-10-18T14:12:16+00:00\" \/>\n<meta property=\"article:modified_time\" content=\"2022-10-18T14:13:28+00:00\" \/>\n<meta property=\"og:image\" content=\"https:\/\/medical-language-service.com\/wp-content\/uploads\/2022\/10\/Umweltbewusstsein-und-Klimaschutz-gehen-auch-im-B\u00fcrobetrieb-1024x683.jpg\" \/>\n\t<meta property=\"og:image:width\" content=\"1024\" \/>\n\t<meta property=\"og:image:height\" content=\"683\" \/>\n\t<meta property=\"og:image:type\" content=\"image\/jpeg\" \/>\n<meta name=\"author\" content=\"medical language service\" \/>\n<meta name=\"twitter:card\" content=\"summary_large_image\" \/>\n<meta name=\"twitter:label1\" content=\"\u00c9crit par\" \/>\n\t<meta name=\"twitter:data1\" content=\"medical language service\" \/>\n\t<meta name=\"twitter:label2\" content=\"Dur\u00e9e de lecture estim\u00e9e\" \/>\n\t<meta name=\"twitter:data2\" content=\"3 minutes\" \/>\n<script type=\"application\/ld+json\" class=\"yoast-schema-graph\">{\"@context\":\"https:\\\/\\\/schema.org\",\"@graph\":[{\"@type\":\"Article\",\"@id\":\"https:\\\/\\\/medical-language-service.com\\\/fr\\\/quand-la-conscience-ecologique-et-la-protection-de-lenvironnement-sinvitent-egalement-au-bureau\\\/#article\",\"isPartOf\":{\"@id\":\"https:\\\/\\\/medical-language-service.com\\\/fr\\\/quand-la-conscience-ecologique-et-la-protection-de-lenvironnement-sinvitent-egalement-au-bureau\\\/\"},\"author\":{\"name\":\"medical language service\",\"@id\":\"https:\\\/\\\/medical-language-service.com\\\/fr\\\/#\\\/schema\\\/person\\\/a4f1608b7dcf2cf953207f1f4974e951\"},\"headline\":\"Quand la conscience \u00e9cologique et la protection de l\u2019environnement s\u2019invitent \u00e9galement au bureau\",\"datePublished\":\"2022-10-18T14:12:16+00:00\",\"dateModified\":\"2022-10-18T14:13:28+00:00\",\"mainEntityOfPage\":{\"@id\":\"https:\\\/\\\/medical-language-service.com\\\/fr\\\/quand-la-conscience-ecologique-et-la-protection-de-lenvironnement-sinvitent-egalement-au-bureau\\\/\"},\"wordCount\":668,\"commentCount\":0,\"publisher\":{\"@id\":\"https:\\\/\\\/medical-language-service.com\\\/fr\\\/#organization\"},\"image\":{\"@id\":\"https:\\\/\\\/medical-language-service.com\\\/fr\\\/quand-la-conscience-ecologique-et-la-protection-de-lenvironnement-sinvitent-egalement-au-bureau\\\/#primaryimage\"},\"thumbnailUrl\":\"https:\\\/\\\/medical-language-service.com\\\/wp-content\\\/uploads\\\/2022\\\/10\\\/Umweltbewusstsein-und-Klimaschutz-gehen-auch-im-B\u00fcrobetrieb.jpg\",\"keywords\":[\"B\u00fcro\",\"B\u00fcrobetrieb\",\"Das effiziente Geb\u00e4ude\",\"ELZUFER\",\"Gesch\u00e4ftshaus\",\"Klimaschutz\",\"medical language service\",\"Teningen\",\"\u00dcbersetzungsb\u00fcro\",\"Umweltbewusstsein\"],\"articleSection\":[\"Unkategorisiert\"],\"inLanguage\":\"fr-FR\",\"potentialAction\":[{\"@type\":\"CommentAction\",\"name\":\"Comment\",\"target\":[\"https:\\\/\\\/medical-language-service.com\\\/fr\\\/quand-la-conscience-ecologique-et-la-protection-de-lenvironnement-sinvitent-egalement-au-bureau\\\/#respond\"]}]},{\"@type\":\"WebPage\",\"@id\":\"https:\\\/\\\/medical-language-service.com\\\/fr\\\/quand-la-conscience-ecologique-et-la-protection-de-lenvironnement-sinvitent-egalement-au-bureau\\\/\",\"url\":\"https:\\\/\\\/medical-language-service.com\\\/fr\\\/quand-la-conscience-ecologique-et-la-protection-de-lenvironnement-sinvitent-egalement-au-bureau\\\/\",\"name\":\"Quand la conscience \u00e9cologique et la protection de l\u2019environnement s\u2019invitent \u00e9galement au bureau - medical language service GmbH\",\"isPartOf\":{\"@id\":\"https:\\\/\\\/medical-language-service.com\\\/fr\\\/#website\"},\"primaryImageOfPage\":{\"@id\":\"https:\\\/\\\/medical-language-service.com\\\/fr\\\/quand-la-conscience-ecologique-et-la-protection-de-lenvironnement-sinvitent-egalement-au-bureau\\\/#primaryimage\"},\"image\":{\"@id\":\"https:\\\/\\\/medical-language-service.com\\\/fr\\\/quand-la-conscience-ecologique-et-la-protection-de-lenvironnement-sinvitent-egalement-au-bureau\\\/#primaryimage\"},\"thumbnailUrl\":\"https:\\\/\\\/medical-language-service.com\\\/wp-content\\\/uploads\\\/2022\\\/10\\\/Umweltbewusstsein-und-Klimaschutz-gehen-auch-im-B\u00fcrobetrieb.jpg\",\"datePublished\":\"2022-10-18T14:12:16+00:00\",\"dateModified\":\"2022-10-18T14:13:28+00:00\",\"description\":\"L\u2019immeuble de bureaux \u00ab ELZUFER \u00bb a \u00e9t\u00e9 achev\u00e9 en 2021 et correspond aux normes environnementales de construction, mais aussi de protection de l\u2019environnement dans l\u2019entreprise. Les murs ext\u00e9rieurs sont ma\u00e7onn\u00e9s en briques pleines, celles-ci pr\u00e9sentant des caract\u00e9ristiques sup\u00e9rieures en mati\u00e8re d\u2019isolation phonique et d\u2019efficience \u00e9nerg\u00e9tique. La charpente et l\u2019isolation du toit ont \u00e9galement \u00e9t\u00e9 r\u00e9alis\u00e9es en mat\u00e9riaux naturels (bois massif et isolant en fibre de bois).\",\"breadcrumb\":{\"@id\":\"https:\\\/\\\/medical-language-service.com\\\/fr\\\/quand-la-conscience-ecologique-et-la-protection-de-lenvironnement-sinvitent-egalement-au-bureau\\\/#breadcrumb\"},\"inLanguage\":\"fr-FR\",\"potentialAction\":[{\"@type\":\"ReadAction\",\"target\":[\"https:\\\/\\\/medical-language-service.com\\\/fr\\\/quand-la-conscience-ecologique-et-la-protection-de-lenvironnement-sinvitent-egalement-au-bureau\\\/\"]}]},{\"@type\":\"ImageObject\",\"inLanguage\":\"fr-FR\",\"@id\":\"https:\\\/\\\/medical-language-service.com\\\/fr\\\/quand-la-conscience-ecologique-et-la-protection-de-lenvironnement-sinvitent-egalement-au-bureau\\\/#primaryimage\",\"url\":\"https:\\\/\\\/medical-language-service.com\\\/wp-content\\\/uploads\\\/2022\\\/10\\\/Umweltbewusstsein-und-Klimaschutz-gehen-auch-im-B\u00fcrobetrieb.jpg\",\"contentUrl\":\"https:\\\/\\\/medical-language-service.com\\\/wp-content\\\/uploads\\\/2022\\\/10\\\/Umweltbewusstsein-und-Klimaschutz-gehen-auch-im-B\u00fcrobetrieb.jpg\",\"width\":2560,\"height\":1707},{\"@type\":\"BreadcrumbList\",\"@id\":\"https:\\\/\\\/medical-language-service.com\\\/fr\\\/quand-la-conscience-ecologique-et-la-protection-de-lenvironnement-sinvitent-egalement-au-bureau\\\/#breadcrumb\",\"itemListElement\":[{\"@type\":\"ListItem\",\"position\":1,\"name\":\"Accueil\",\"item\":\"https:\\\/\\\/medical-language-service.com\\\/fr\\\/\"},{\"@type\":\"ListItem\",\"position\":2,\"name\":\"Quand la conscience \u00e9cologique et la protection de l\u2019environnement s\u2019invitent \u00e9galement au bureau\"}]},{\"@type\":\"WebSite\",\"@id\":\"https:\\\/\\\/medical-language-service.com\\\/fr\\\/#website\",\"url\":\"https:\\\/\\\/medical-language-service.com\\\/fr\\\/\",\"name\":\"medical language service GmbH\",\"description\":\"Wir \u00fcbersetzen Medizin\",\"publisher\":{\"@id\":\"https:\\\/\\\/medical-language-service.com\\\/fr\\\/#organization\"},\"potentialAction\":[{\"@type\":\"SearchAction\",\"target\":{\"@type\":\"EntryPoint\",\"urlTemplate\":\"https:\\\/\\\/medical-language-service.com\\\/fr\\\/?s={search_term_string}\"},\"query-input\":{\"@type\":\"PropertyValueSpecification\",\"valueRequired\":true,\"valueName\":\"search_term_string\"}}],\"inLanguage\":\"fr-FR\"},{\"@type\":\"Organization\",\"@id\":\"https:\\\/\\\/medical-language-service.com\\\/fr\\\/#organization\",\"name\":\"medical language service GmbH\",\"url\":\"https:\\\/\\\/medical-language-service.com\\\/fr\\\/\",\"logo\":{\"@type\":\"ImageObject\",\"inLanguage\":\"fr-FR\",\"@id\":\"https:\\\/\\\/medical-language-service.com\\\/fr\\\/#\\\/schema\\\/logo\\\/image\\\/\",\"url\":\"https:\\\/\\\/medical-language-service.com\\\/wp-content\\\/uploads\\\/2020\\\/07\\\/\u00dcbersetzungsb\u00fcro-f\u00fcr-medizinische-Texte.png\",\"contentUrl\":\"https:\\\/\\\/medical-language-service.com\\\/wp-content\\\/uploads\\\/2020\\\/07\\\/\u00dcbersetzungsb\u00fcro-f\u00fcr-medizinische-Texte.png\",\"width\":1120,\"height\":240,\"caption\":\"medical language service GmbH\"},\"image\":{\"@id\":\"https:\\\/\\\/medical-language-service.com\\\/fr\\\/#\\\/schema\\\/logo\\\/image\\\/\"}},{\"@type\":\"Person\",\"@id\":\"https:\\\/\\\/medical-language-service.com\\\/fr\\\/#\\\/schema\\\/person\\\/a4f1608b7dcf2cf953207f1f4974e951\",\"name\":\"medical language service\",\"image\":{\"@type\":\"ImageObject\",\"inLanguage\":\"fr-FR\",\"@id\":\"https:\\\/\\\/secure.gravatar.com\\\/avatar\\\/b36bc6c9aee02186c7585b81bc180c1b5816b068cad959d95f99e2097ee499b0?s=96&d=mm&r=g\",\"url\":\"https:\\\/\\\/secure.gravatar.com\\\/avatar\\\/b36bc6c9aee02186c7585b81bc180c1b5816b068cad959d95f99e2097ee499b0?s=96&d=mm&r=g\",\"contentUrl\":\"https:\\\/\\\/secure.gravatar.com\\\/avatar\\\/b36bc6c9aee02186c7585b81bc180c1b5816b068cad959d95f99e2097ee499b0?s=96&d=mm&r=g\",\"caption\":\"medical language service\"},\"url\":\"https:\\\/\\\/medical-language-service.com\\\/fr\\\/author\\\/medical-language-service\\\/\"}]}<\/script>\n<!-- \/ Yoast SEO plugin. -->","yoast_head_json":{"title":"Quand la conscience \u00e9cologique et la protection de l\u2019environnement s\u2019invitent \u00e9galement au bureau - medical language service GmbH","description":"L\u2019immeuble de bureaux \u00ab ELZUFER \u00bb a \u00e9t\u00e9 achev\u00e9 en 2021 et correspond aux normes environnementales de construction, mais aussi de protection de l\u2019environnement dans l\u2019entreprise. Les murs ext\u00e9rieurs sont ma\u00e7onn\u00e9s en briques pleines, celles-ci pr\u00e9sentant des caract\u00e9ristiques sup\u00e9rieures en mati\u00e8re d\u2019isolation phonique et d\u2019efficience \u00e9nerg\u00e9tique. La charpente et l\u2019isolation du toit ont \u00e9galement \u00e9t\u00e9 r\u00e9alis\u00e9es en mat\u00e9riaux naturels (bois massif et isolant en fibre de bois).","robots":{"index":"index","follow":"follow","max-snippet":"max-snippet:-1","max-image-preview":"max-image-preview:large","max-video-preview":"max-video-preview:-1"},"canonical":"https:\/\/medical-language-service.com\/fr\/quand-la-conscience-ecologique-et-la-protection-de-lenvironnement-sinvitent-egalement-au-bureau\/","og_locale":"fr_FR","og_type":"article","og_title":"Quand la conscience \u00e9cologique et la protection de l\u2019environnement s\u2019invitent \u00e9galement au bureau - medical language service GmbH","og_description":"L\u2019immeuble de bureaux \u00ab ELZUFER \u00bb a \u00e9t\u00e9 achev\u00e9 en 2021 et correspond aux normes environnementales de construction, mais aussi de protection de l\u2019environnement dans l\u2019entreprise. Les murs ext\u00e9rieurs sont ma\u00e7onn\u00e9s en briques pleines, celles-ci pr\u00e9sentant des caract\u00e9ristiques sup\u00e9rieures en mati\u00e8re d\u2019isolation phonique et d\u2019efficience \u00e9nerg\u00e9tique. La charpente et l\u2019isolation du toit ont \u00e9galement \u00e9t\u00e9 r\u00e9alis\u00e9es en mat\u00e9riaux naturels (bois massif et isolant en fibre de bois).","og_url":"https:\/\/medical-language-service.com\/fr\/quand-la-conscience-ecologique-et-la-protection-de-lenvironnement-sinvitent-egalement-au-bureau\/","og_site_name":"medical language service GmbH","article_published_time":"2022-10-18T14:12:16+00:00","article_modified_time":"2022-10-18T14:13:28+00:00","og_image":[{"width":1024,"height":683,"url":"https:\/\/medical-language-service.com\/wp-content\/uploads\/2022\/10\/Umweltbewusstsein-und-Klimaschutz-gehen-auch-im-B\u00fcrobetrieb-1024x683.jpg","type":"image\/jpeg"}],"author":"medical language service","twitter_card":"summary_large_image","twitter_misc":{"\u00c9crit par":"medical language service","Dur\u00e9e de lecture estim\u00e9e":"3 minutes"},"schema":{"@context":"https:\/\/schema.org","@graph":[{"@type":"Article","@id":"https:\/\/medical-language-service.com\/fr\/quand-la-conscience-ecologique-et-la-protection-de-lenvironnement-sinvitent-egalement-au-bureau\/#article","isPartOf":{"@id":"https:\/\/medical-language-service.com\/fr\/quand-la-conscience-ecologique-et-la-protection-de-lenvironnement-sinvitent-egalement-au-bureau\/"},"author":{"name":"medical language service","@id":"https:\/\/medical-language-service.com\/fr\/#\/schema\/person\/a4f1608b7dcf2cf953207f1f4974e951"},"headline":"Quand la conscience \u00e9cologique et la protection de l\u2019environnement s\u2019invitent \u00e9galement au bureau","datePublished":"2022-10-18T14:12:16+00:00","dateModified":"2022-10-18T14:13:28+00:00","mainEntityOfPage":{"@id":"https:\/\/medical-language-service.com\/fr\/quand-la-conscience-ecologique-et-la-protection-de-lenvironnement-sinvitent-egalement-au-bureau\/"},"wordCount":668,"commentCount":0,"publisher":{"@id":"https:\/\/medical-language-service.com\/fr\/#organization"},"image":{"@id":"https:\/\/medical-language-service.com\/fr\/quand-la-conscience-ecologique-et-la-protection-de-lenvironnement-sinvitent-egalement-au-bureau\/#primaryimage"},"thumbnailUrl":"https:\/\/medical-language-service.com\/wp-content\/uploads\/2022\/10\/Umweltbewusstsein-und-Klimaschutz-gehen-auch-im-B\u00fcrobetrieb.jpg","keywords":["B\u00fcro","B\u00fcrobetrieb","Das effiziente Geb\u00e4ude","ELZUFER","Gesch\u00e4ftshaus","Klimaschutz","medical language service","Teningen","\u00dcbersetzungsb\u00fcro","Umweltbewusstsein"],"articleSection":["Unkategorisiert"],"inLanguage":"fr-FR","potentialAction":[{"@type":"CommentAction","name":"Comment","target":["https:\/\/medical-language-service.com\/fr\/quand-la-conscience-ecologique-et-la-protection-de-lenvironnement-sinvitent-egalement-au-bureau\/#respond"]}]},{"@type":"WebPage","@id":"https:\/\/medical-language-service.com\/fr\/quand-la-conscience-ecologique-et-la-protection-de-lenvironnement-sinvitent-egalement-au-bureau\/","url":"https:\/\/medical-language-service.com\/fr\/quand-la-conscience-ecologique-et-la-protection-de-lenvironnement-sinvitent-egalement-au-bureau\/","name":"Quand la conscience \u00e9cologique et la protection de l\u2019environnement s\u2019invitent \u00e9galement au bureau - medical language service GmbH","isPartOf":{"@id":"https:\/\/medical-language-service.com\/fr\/#website"},"primaryImageOfPage":{"@id":"https:\/\/medical-language-service.com\/fr\/quand-la-conscience-ecologique-et-la-protection-de-lenvironnement-sinvitent-egalement-au-bureau\/#primaryimage"},"image":{"@id":"https:\/\/medical-language-service.com\/fr\/quand-la-conscience-ecologique-et-la-protection-de-lenvironnement-sinvitent-egalement-au-bureau\/#primaryimage"},"thumbnailUrl":"https:\/\/medical-language-service.com\/wp-content\/uploads\/2022\/10\/Umweltbewusstsein-und-Klimaschutz-gehen-auch-im-B\u00fcrobetrieb.jpg","datePublished":"2022-10-18T14:12:16+00:00","dateModified":"2022-10-18T14:13:28+00:00","description":"L\u2019immeuble de bureaux \u00ab ELZUFER \u00bb a \u00e9t\u00e9 achev\u00e9 en 2021 et correspond aux normes environnementales de construction, mais aussi de protection de l\u2019environnement dans l\u2019entreprise. Les murs ext\u00e9rieurs sont ma\u00e7onn\u00e9s en briques pleines, celles-ci pr\u00e9sentant des caract\u00e9ristiques sup\u00e9rieures en mati\u00e8re d\u2019isolation phonique et d\u2019efficience \u00e9nerg\u00e9tique. La charpente et l\u2019isolation du toit ont \u00e9galement \u00e9t\u00e9 r\u00e9alis\u00e9es en mat\u00e9riaux naturels (bois massif et isolant en fibre de bois).","breadcrumb":{"@id":"https:\/\/medical-language-service.com\/fr\/quand-la-conscience-ecologique-et-la-protection-de-lenvironnement-sinvitent-egalement-au-bureau\/#breadcrumb"},"inLanguage":"fr-FR","potentialAction":[{"@type":"ReadAction","target":["https:\/\/medical-language-service.com\/fr\/quand-la-conscience-ecologique-et-la-protection-de-lenvironnement-sinvitent-egalement-au-bureau\/"]}]},{"@type":"ImageObject","inLanguage":"fr-FR","@id":"https:\/\/medical-language-service.com\/fr\/quand-la-conscience-ecologique-et-la-protection-de-lenvironnement-sinvitent-egalement-au-bureau\/#primaryimage","url":"https:\/\/medical-language-service.com\/wp-content\/uploads\/2022\/10\/Umweltbewusstsein-und-Klimaschutz-gehen-auch-im-B\u00fcrobetrieb.jpg","contentUrl":"https:\/\/medical-language-service.com\/wp-content\/uploads\/2022\/10\/Umweltbewusstsein-und-Klimaschutz-gehen-auch-im-B\u00fcrobetrieb.jpg","width":2560,"height":1707},{"@type":"BreadcrumbList","@id":"https:\/\/medical-language-service.com\/fr\/quand-la-conscience-ecologique-et-la-protection-de-lenvironnement-sinvitent-egalement-au-bureau\/#breadcrumb","itemListElement":[{"@type":"ListItem","position":1,"name":"Accueil","item":"https:\/\/medical-language-service.com\/fr\/"},{"@type":"ListItem","position":2,"name":"Quand la conscience \u00e9cologique et la protection de l\u2019environnement s\u2019invitent \u00e9galement au bureau"}]},{"@type":"WebSite","@id":"https:\/\/medical-language-service.com\/fr\/#website","url":"https:\/\/medical-language-service.com\/fr\/","name":"medical language service GmbH","description":"Wir \u00fcbersetzen Medizin","publisher":{"@id":"https:\/\/medical-language-service.com\/fr\/#organization"},"potentialAction":[{"@type":"SearchAction","target":{"@type":"EntryPoint","urlTemplate":"https:\/\/medical-language-service.com\/fr\/?s={search_term_string}"},"query-input":{"@type":"PropertyValueSpecification","valueRequired":true,"valueName":"search_term_string"}}],"inLanguage":"fr-FR"},{"@type":"Organization","@id":"https:\/\/medical-language-service.com\/fr\/#organization","name":"medical language service GmbH","url":"https:\/\/medical-language-service.com\/fr\/","logo":{"@type":"ImageObject","inLanguage":"fr-FR","@id":"https:\/\/medical-language-service.com\/fr\/#\/schema\/logo\/image\/","url":"https:\/\/medical-language-service.com\/wp-content\/uploads\/2020\/07\/\u00dcbersetzungsb\u00fcro-f\u00fcr-medizinische-Texte.png","contentUrl":"https:\/\/medical-language-service.com\/wp-content\/uploads\/2020\/07\/\u00dcbersetzungsb\u00fcro-f\u00fcr-medizinische-Texte.png","width":1120,"height":240,"caption":"medical language service GmbH"},"image":{"@id":"https:\/\/medical-language-service.com\/fr\/#\/schema\/logo\/image\/"}},{"@type":"Person","@id":"https:\/\/medical-language-service.com\/fr\/#\/schema\/person\/a4f1608b7dcf2cf953207f1f4974e951","name":"medical language service","image":{"@type":"ImageObject","inLanguage":"fr-FR","@id":"https:\/\/secure.gravatar.com\/avatar\/b36bc6c9aee02186c7585b81bc180c1b5816b068cad959d95f99e2097ee499b0?s=96&d=mm&r=g","url":"https:\/\/secure.gravatar.com\/avatar\/b36bc6c9aee02186c7585b81bc180c1b5816b068cad959d95f99e2097ee499b0?s=96&d=mm&r=g","contentUrl":"https:\/\/secure.gravatar.com\/avatar\/b36bc6c9aee02186c7585b81bc180c1b5816b068cad959d95f99e2097ee499b0?s=96&d=mm&r=g","caption":"medical language service"},"url":"https:\/\/medical-language-service.com\/fr\/author\/medical-language-service\/"}]}},"_links":{"self":[{"href":"https:\/\/medical-language-service.com\/fr\/wp-json\/wp\/v2\/posts\/3877","targetHints":{"allow":["GET"]}}],"collection":[{"href":"https:\/\/medical-language-service.com\/fr\/wp-json\/wp\/v2\/posts"}],"about":[{"href":"https:\/\/medical-language-service.com\/fr\/wp-json\/wp\/v2\/types\/post"}],"author":[{"embeddable":true,"href":"https:\/\/medical-language-service.com\/fr\/wp-json\/wp\/v2\/users\/2"}],"replies":[{"embeddable":true,"href":"https:\/\/medical-language-service.com\/fr\/wp-json\/wp\/v2\/comments?post=3877"}],"version-history":[{"count":3,"href":"https:\/\/medical-language-service.com\/fr\/wp-json\/wp\/v2\/posts\/3877\/revisions"}],"predecessor-version":[{"id":3880,"href":"https:\/\/medical-language-service.com\/fr\/wp-json\/wp\/v2\/posts\/3877\/revisions\/3880"}],"wp:featuredmedia":[{"embeddable":true,"href":"https:\/\/medical-language-service.com\/fr\/wp-json\/wp\/v2\/media\/3862"}],"wp:attachment":[{"href":"https:\/\/medical-language-service.com\/fr\/wp-json\/wp\/v2\/media?parent=3877"}],"wp:term":[{"taxonomy":"category","embeddable":true,"href":"https:\/\/medical-language-service.com\/fr\/wp-json\/wp\/v2\/categories?post=3877"},{"taxonomy":"post_tag","embeddable":true,"href":"https:\/\/medical-language-service.com\/fr\/wp-json\/wp\/v2\/tags?post=3877"}],"curies":[{"name":"wp","href":"https:\/\/api.w.org\/{rel}","templated":true}]}}